{"id":31505,"date":"2021-10-15T00:00:00","date_gmt":"2021-10-14T22:00:00","guid":{"rendered":"https:\/\/kanne-group.com\/2024\/11\/06\/kanne-group-ermoeglicht-adaptives-lernen\/"},"modified":"2024-12-03T10:26:04","modified_gmt":"2024-12-03T09:26:04","slug":"kanne-group-ermoeglicht-adaptives-lernen","status":"publish","type":"post","link":"https:\/\/kanne-group.com\/de\/news\/kanne-group-ermoeglicht-adaptives-lernen","title":{"rendered":"Kanne Group erm\u00f6glicht adaptives Lernen"},"content":{"rendered":"<div class=\"fusion-fullwidth fullwidth-box fusion-builder-row-1 fusion-flex-container nonhundred-percent-fullwidth non-hundred-percent-height-scrolling\" style=\"--awb-border-radius-top-left:0px;--awb-border-radius-top-right:0px;--awb-border-radius-bottom-right:0px;--awb-border-radius-bottom-left:0px;--awb-flex-wrap:wrap;\" ><div class=\"fusion-builder-row fusion-row fusion-flex-align-items-flex-start fusion-flex-content-wrap\" style=\"max-width:1248px;margin-left: calc(-4% \/ 2 );margin-right: calc(-4% \/ 2 );\"><div class=\"fusion-layout-column fusion_builder_column fusion-builder-column-0 fusion_builder_column_1_1 1_1 fusion-flex-column\" style=\"--awb-bg-size:cover;--awb-width-large:100%;--awb-margin-top-large:0px;--awb-spacing-right-large:1.92%;--awb-margin-bottom-large:0px;--awb-spacing-left-large:1.92%;--awb-width-medium:100%;--awb-spacing-right-medium:1.92%;--awb-spacing-left-medium:1.92%;--awb-width-small:100%;--awb-spacing-right-small:1.92%;--awb-spacing-left-small:1.92%;\"><div class=\"fusion-column-wrapper fusion-flex-justify-content-flex-start fusion-content-layout-column\"><div class=\"fusion-text fusion-text-1\"><p><span style=\"color: var(--awb-text-color); font-family: var(--awb-text-font-family); font-size: var(--awb-font-size); font-style: var(--awb-text-font-style); font-weight: var(--awb-text-font-weight); letter-spacing: var(--awb-letter-spacing); text-align: var(--awb-content-alignment); text-transform: var(--awb-text-transform); background-color: var(--awb-bg-color);\">Wir k\u00f6nnen mit Stolz berichten, dass wir uns im E-Learning stark entwickeln. Der erste Mitarbeiter ist nun f\u00fcr Area9 Lyceum \u2013 einer KI-basierten Plattform f\u00fcr adaptives Lernen \u2013 zertifiziert und richtet die Plattform auf unsere Belange ein.<\/span><\/p>\n<div class=\"\" dir=\"auto\">\n<div id=\"jsc_c_nh\" class=\"ecm0bbzt hv4rvrfc ihqw7lf3 dati1w0a\" data-ad-comet-preview=\"message\" data-ad-preview=\"message\">\n<div class=\"j83agx80 cbu4d94t ew0dbk1b irj2b8pg\">\n<div class=\"qzhwtbm6 knvmm38d\">\n<div class=\"kvgmc6g5 cxmmr5t8 oygrvhab hcukyx3x c1et5uql ii04i59q\">\n<div dir=\"auto\">\n<p>Durch spezielle Frage-Algorithmen kann den sp\u00e4teren Nutzern ein sehr personalisiertes Lernen erm\u00f6glicht werden. So k\u00f6nnen unsere zuk\u00fcnftigen Mitarbeiter aus Service, K\u00fcche, etc. in ihrem eigenen Tempo mit eigenen Schwerpunkten lernen und so individuell zu ihrem Lernziel gelangen. Keiner unserer Mitarbeiter geht im Lernprozess unter, sondern wird optimal nach eigenen Bed\u00fcrfnissen vorbereitet.<\/p>\n<\/p>\n<p>Was uns besonders freut: Area9 kann von der HR Servicepool GmbH auch zur Schulung der ausl\u00e4ndischen Fachkr\u00e4fte im Bereich Pflege und Service\/Gastronomie genutzt werden. Es gibt zudem Kooperationen mit der Pflegeschule in Meppen, die eine Vorbereitung f\u00fcr die Pflegefachkr\u00e4fte f\u00fcr ihre Anerkennungspr\u00fcfung macht \u2013 mit der Unterst\u00fctzung der Inhalte der Pflegefachb\u00fccher des Thieme Verlags.<\/p>\n<\/div>\n<\/div>\n<\/div>\n<\/div>\n<\/div>\n<\/div>\n<\/div><\/div><\/div><\/div><\/div>\n","protected":false},"excerpt":{"rendered":"","protected":false},"author":2,"featured_media":31628,"comment_status":"open","ping_status":"open","sticky":false,"template":"","format":"standard","meta":{"footnotes":""},"categories":[42],"tags":[],"class_list":["post-31505","post","type-post","status-publish","format-standard","has-post-thumbnail","hentry","category-news"],"_links":{"self":[{"href":"https:\/\/kanne-group.com\/de\/wp-json\/wp\/v2\/posts\/31505","targetHints":{"allow":["GET"]}}],"collection":[{"href":"https:\/\/kanne-group.com\/de\/wp-json\/wp\/v2\/posts"}],"about":[{"href":"https:\/\/kanne-group.com\/de\/wp-json\/wp\/v2\/types\/post"}],"author":[{"embeddable":true,"href":"https:\/\/kanne-group.com\/de\/wp-json\/wp\/v2\/users\/2"}],"replies":[{"embeddable":true,"href":"https:\/\/kanne-group.com\/de\/wp-json\/wp\/v2\/comments?post=31505"}],"version-history":[{"count":2,"href":"https:\/\/kanne-group.com\/de\/wp-json\/wp\/v2\/posts\/31505\/revisions"}],"predecessor-version":[{"id":32205,"href":"https:\/\/kanne-group.com\/de\/wp-json\/wp\/v2\/posts\/31505\/revisions\/32205"}],"wp:featuredmedia":[{"embeddable":true,"href":"https:\/\/kanne-group.com\/de\/wp-json\/wp\/v2\/media\/31628"}],"wp:attachment":[{"href":"https:\/\/kanne-group.com\/de\/wp-json\/wp\/v2\/media?parent=31505"}],"wp:term":[{"taxonomy":"category","embeddable":true,"href":"https:\/\/kanne-group.com\/de\/wp-json\/wp\/v2\/categories?post=31505"},{"taxonomy":"post_tag","embeddable":true,"href":"https:\/\/kanne-group.com\/de\/wp-json\/wp\/v2\/tags?post=31505"}],"curies":[{"name":"wp","href":"https:\/\/api.w.org\/{rel}","templated":true}]}}